{"id":1637,"date":"2014-08-25T18:41:28","date_gmt":"2014-08-25T22:41:28","guid":{"rendered":"http:\/\/doral.cl\/club_doral\/?p=1637"},"modified":"2014-08-26T11:53:35","modified_gmt":"2014-08-26T15:53:35","slug":"concurso-fiestas-patrias-descubre-la-frase-incognita-de-doral","status":"publish","type":"post","link":"https:\/\/doral.cl\/club_doral\/concurso-fiestas-patrias-descubre-la-frase-incognita-de-doral\/","title":{"rendered":"CONCURSO FIESTAS PATRIAS \u00abDESCUBRE LA FRASE INC\u00d3GNITA DE DORAL\u00bb"},"content":{"rendered":"<p><a href=\"http:\/\/doral.cl\/club_doral\/wp-content\/uploads\/2014\/08\/mailing-concurso-fiestas-patrias3.jpg\"><img fetchpriority=\"high\" decoding=\"async\" class=\"aligncenter size-full wp-image-1650\" alt=\"mailing-concurso-fiestas-patrias\" src=\"http:\/\/doral.cl\/club_doral\/wp-content\/uploads\/2014\/08\/mailing-concurso-fiestas-patrias3.jpg\" width=\"700\" height=\"900\" srcset=\"https:\/\/doral.cl\/club_doral\/wp-content\/uploads\/2014\/08\/mailing-concurso-fiestas-patrias3.jpg 700w, https:\/\/doral.cl\/club_doral\/wp-content\/uploads\/2014\/08\/mailing-concurso-fiestas-patrias3-233x300.jpg 233w, https:\/\/doral.cl\/club_doral\/wp-content\/uploads\/2014\/08\/mailing-concurso-fiestas-patrias3-389x500.jpg 389w, https:\/\/doral.cl\/club_doral\/wp-content\/uploads\/2014\/08\/mailing-concurso-fiestas-patrias3-600x771.jpg 600w\" sizes=\"(max-width: 700px) 100vw, 700px\" \/><\/a>Doral te trae un espectacular concurso para estas Fiestas Patrias, Participa en&#8230; <strong>\u00abDESCUBRE LA FRASE INC\u00d3GNITA DE DORAL\u00bb<\/strong>.<\/p>\n<p>Sigue el programa <strong>Az\u00facar, Sabor y Candela<\/strong> de Willy Sabor en Radio Candela 95.3 FM (8:00 a 13:00 hrs.) desde el Lunes 1 al viernes 5 de Septiembre donde se dar\u00e1n a conocer 2 palabras diarias de la frase secreta. Descifra, ordena y env\u00eda la frase junto con tu nombre, RUT y tel\u00e9fono cuando el concurso acabe el d\u00eda viernes 5 de Sept. a <strong>concursos@doral.cl <\/strong>. Los correos se aceptar\u00e1n hasta el d\u00eda Domingo 7 de Sept. (23:59 hrs). y el Martes 9 de Sept. se anunciar\u00e1n a los ganadores durante el programa. Entre las personas que acierten se premiar\u00e1 a 2 afortunados ganadores, a cada uno con el cambio de look so\u00f1ado para su hogar que consiste en:<\/p>\n<p><b>PARA EL DORMITORIO PRINCIPAL<\/b><\/p>\n<p>&#8211; 1 Cubrecama Simily Flock 2 Plazas<\/p>\n<p>&#8211; 1 S\u00e1bana Rom\u00e1ntica Broderie 180 Hilos 2 Plazas<\/p>\n<p>&#8211; 1 Pack Shaggy Hogar (2 bajadas de cama + 1 alfombra pasillo)\u00a0\u00a0\u00a0\u00a0<b>\u00a0\u00a0\u00a0\u00a0\u00a0\u00a0\u00a0\u00a0\u00a0\u00a0\u00a0\u00a0\u00a0\u00a0 <\/b><\/p>\n<p><b>PARA EL\u00a0DORMITORIO\u00a0INFANTIL<\/b><\/p>\n<p>&#8211; 2 Cubrecamas Simily Flock 1,5 Plaza<\/p>\n<p>&#8211; 2 S\u00e1banas Estampadas 144 Hilos 1,5 Plaza\u00a0\u00a0\u00a0\u00a0\u00a0\u00a0\u00a0\u00a0<b>\u00a0\u00a0\u00a0\u00a0\u00a0\u00a0\u00a0\u00a0\u00a0\u00a0\u00a0\u00a0\u00a0\u00a0\u00a0\u00a0\u00a0\u00a0\u00a0\u00a0\u00a0\u00a0\u00a0\u00a0\u00a0\u00a0\u00a0\u00a0\u00a0\u00a0\u00a0\u00a0\u00a0\u00a0\u00a0\u00a0\u00a0\u00a0\u00a0\u00a0\u00a0\u00a0\u00a0\u00a0\u00a0\u00a0\u00a0\u00a0\u00a0\u00a0\u00a0\u00a0\u00a0\u00a0\u00a0\u00a0\u00a0\u00a0 <\/b><\/p>\n<p><b>PARA EL\u00a0LIVING \/ COMEDOR<\/b><\/p>\n<p>&#8211; 1 Alfombra Shaggy 150 x 200 cms.<\/p>\n<p>&#8211; 1 Combo Cortina Rom\u00e1ntica 11 Piezas (2 Pa\u00f1os de Cortinas + Velo Rom\u00e1ntico + Abrazaderas + \u00a0Cordones Decorativos)<\/p>\n<p><strong>Aprovecha esta oportunidad y no dejes de ganar con Doral.<\/strong><\/p>\n<p style=\"text-align: left;\">Visita nuestro Fan-page\u00a0 <a href=\"https:\/\/www.facebook.com\/doralcl\" target=\"_blank\">https:\/\/www.facebook.com\/doralcl<\/a>\u00a0y ent\u00e9rate de todas nuestras sorpresas y novedades&#8230;<\/p>\n","protected":false},"excerpt":{"rendered":"<p>Doral te trae un espectacular concurso para estas Fiestas Patrias, Participa en&#8230; \u00abDESCUBRE LA FRASE INC\u00d3GNITA DE DORAL\u00bb. Sigue el programa Az\u00facar, Sabor y Candela de Willy Sabor en Radio Candela 95.3 FM (8:00 a 13:00 hrs.) desde el Lunes 1 al viernes 5 de Septiembre donde se dar\u00e1n a conocer 2 palabras diarias de [&hellip;]<\/p>\n","protected":false},"author":4,"featured_media":0,"comment_status":"closed","ping_status":"open","sticky":false,"template":"","format":"standard","meta":{"_bbp_topic_count":0,"_bbp_reply_count":0,"_bbp_total_topic_count":0,"_bbp_total_reply_count":0,"_bbp_voice_count":0,"_bbp_anonymous_reply_count":0,"_bbp_topic_count_hidden":0,"_bbp_reply_count_hidden":0,"_bbp_forum_subforum_count":0,"footnotes":""},"categories":[45,60,61],"tags":[],"class_list":["post-1637","post","type-post","status-publish","format-standard","hentry","category-anuncios","category-los-nocheros-2013","category-combo-dormitorio-romantico"],"_links":{"self":[{"href":"https:\/\/doral.cl\/club_doral\/wp-json\/wp\/v2\/posts\/1637","targetHints":{"allow":["GET"]}}],"collection":[{"href":"https:\/\/doral.cl\/club_doral\/wp-json\/wp\/v2\/posts"}],"about":[{"href":"https:\/\/doral.cl\/club_doral\/wp-json\/wp\/v2\/types\/post"}],"author":[{"embeddable":true,"href":"https:\/\/doral.cl\/club_doral\/wp-json\/wp\/v2\/users\/4"}],"replies":[{"embeddable":true,"href":"https:\/\/doral.cl\/club_doral\/wp-json\/wp\/v2\/comments?post=1637"}],"version-history":[{"count":9,"href":"https:\/\/doral.cl\/club_doral\/wp-json\/wp\/v2\/posts\/1637\/revisions"}],"predecessor-version":[{"id":1651,"href":"https:\/\/doral.cl\/club_doral\/wp-json\/wp\/v2\/posts\/1637\/revisions\/1651"}],"wp:attachment":[{"href":"https:\/\/doral.cl\/club_doral\/wp-json\/wp\/v2\/media?parent=1637"}],"wp:term":[{"taxonomy":"category","embeddable":true,"href":"https:\/\/doral.cl\/club_doral\/wp-json\/wp\/v2\/categories?post=1637"},{"taxonomy":"post_tag","embeddable":true,"href":"https:\/\/doral.cl\/club_doral\/wp-json\/wp\/v2\/tags?post=1637"}],"curies":[{"name":"wp","href":"https:\/\/api.w.org\/{rel}","templated":true}]}}